{"id":5005,"count":0,"description":"<p data-start=\"40\" data-end=\"577\"><strong>Karl Lagerfeld<\/strong> (1933. szeptember 10. \u2013 2019. febru\u00e1r 19.) n\u00e9met divattervez\u0151, fot\u00f3s \u00e9s m\u0171v\u00e9sz volt, aki legink\u00e1bb a Chanel divath\u00e1z kreat\u00edv igazgat\u00f3jak\u00e9nt v\u00e1lt ismertt\u00e9. P\u00e1lyafut\u00e1sa sor\u00e1n dolgozott a Balmain, Patou, Chlo\u00e9 \u00e9s Fendi divath\u00e1zakn\u00e1l is, miel\u0151tt 1983-ban csatlakozott a Chanelhez. Lagerfeld h\u00edres volt jellegzetes megjelen\u00e9s\u00e9r\u0151l, bele\u00e9rtve a feh\u00e9r haj\u00e1t, s\u00f6t\u00e9t napszem\u00fcveg\u00e9t \u00e9s magas\u00edtott inggall\u00e9rj\u00e1t. Saj\u00e1t nev\u00e9t visel\u0151 m\u00e1rk\u00e1j\u00e1t is megalap\u00edtotta, amely a divat \u00e9s kieg\u00e9sz\u00edt\u0151k sz\u00e9les sk\u00e1l\u00e1j\u00e1t k\u00edn\u00e1lja, bele\u00e9rtve az \u00f3r\u00e1kat is.<\/p>\r\n<p data-start=\"579\" data-end=\"602\"><strong data-start=\"579\" data-end=\"602\">Karl Lagerfeld \u00d3r\u00e1k<\/strong><\/p>\r\n<p data-start=\"604\" data-end=\"859\">A Karl Lagerfeld m\u00e1rka \u00f3rakollekci\u00f3i a divat \u00e9s funkcionalit\u00e1s \u00f6tv\u00f6zet\u00e9t k\u00edn\u00e1lj\u00e1k, modern \u00e9s eleg\u00e1ns diz\u00e1jnnal. Az \u00f3r\u00e1k k\u00fcl\u00f6nb\u00f6z\u0151 st\u00edlusokban \u00e9s sz\u00ednekben \u00e9rhet\u0151k el, mind a n\u0151k, mind a f\u00e9rfiak sz\u00e1m\u00e1ra. Az al\u00e1bbiakban n\u00e9h\u00e1ny p\u00e9lda a Karl Lagerfeld \u00f3r\u00e1kra:<\/p>\r\n<p data-start=\"917\" data-end=\"1054\"><strong data-start=\"917\" data-end=\"958\">Karl Lagerfeld Ez\u00fcst Kronogr\u00e1f Kar\u00f3ra<\/strong>Eleg\u00e1ns ez\u00fcst sz\u00edn\u0171 kronogr\u00e1f \u00f3ra, amely t\u00f6k\u00e9letes kieg\u00e9sz\u00edt\u0151je lehet mindennapi viselet\u00e9nek.<\/p>\r\n<p data-start=\"1116\" data-end=\"1254\"><strong data-start=\"1116\" data-end=\"1148\">Karl Lagerfeld Feh\u00e9r N\u0151i \u00d3ra<\/strong>St\u00edlusos feh\u00e9r sz\u00edn\u0171 n\u0151i kar\u00f3ra f\u00e9m sz\u00edjjal \u00e9s kerek sz\u00e1mlappal, amely kifinomult megjelen\u00e9st biztos\u00edt.<\/p>\r\n<p data-start=\"1316\" data-end=\"1452\"><strong data-start=\"1316\" data-end=\"1351\">Karl Lagerfeld Fekete F\u00e9rfi \u00d3ra<\/strong>Modern fekete diz\u00e1jn\u00fa f\u00e9rfi kar\u00f3ra, amely letisztult \u00e9s eleg\u00e1ns megjelen\u00e9st k\u00f6lcs\u00f6n\u00f6z visel\u0151j\u00e9nek.<\/p>\r\n<p data-start=\"1514\" data-end=\"1627\"><strong data-start=\"1514\" data-end=\"1546\">Karl Lagerfeld Arany N\u0151i \u00d3ra<\/strong>Luxus arany sz\u00edn\u0171 n\u0151i kar\u00f3ra, amely t\u00f6k\u00e9letes v\u00e1laszt\u00e1s k\u00fcl\u00f6nleges alkalmakra.<\/p>\r\n<p data-start=\"1689\" data-end=\"1811\"><strong data-start=\"1689\" data-end=\"1729\">Karl Lagerfeld Rozsdamentes Ac\u00e9l \u00d3ra<\/strong>Id\u0151t\u00e1ll\u00f3 rozsdamentes ac\u00e9l kar\u00f3ra, amely a mindennapi elegancia megtestes\u00edt\u0151je.<\/p>\r\n<p data-start=\"1817\" data-end=\"2079\">A Karl Lagerfeld \u00f3r\u00e1k el\u00e9rhet\u0151k k\u00fcl\u00f6nb\u00f6z\u0151 online \u00e9s offline keresked\u0151kn\u00e9l, bele\u00e9rtve a hivatalos m\u00e1rkaboltokat \u00e9s m\u00e1s divat\u00fczleteket. Ezek az \u00f3r\u00e1k a m\u00e1rka jellegzetes st\u00edlus\u00e1t \u00e9s min\u0151s\u00e9g\u00e9t k\u00e9pviselik, \u00edgy ide\u00e1lis v\u00e1laszt\u00e1snak bizonyulnak a divatkedvel\u0151k sz\u00e1m\u00e1ra.<\/p>","link":"https:\/\/hasznalt-ora.hu\/en\/hirdetes-kategoria\/karl-lagerfeld\/","name":"Karl Lagerfeld","slug":"karl-lagerfeld","taxonomy":"advert-category","parent":3914,"meta":[],"yoast_head":"<!-- This site is optimized with the Yoast SEO plugin v26.3 - https:\/\/yoast.com\/wordpress\/plugins\/seo\/ -->\n<title>Karl Lagerfeld - HASZN\u00c1LT-\u00d3RA.HU<\/title>\n<meta name=\"description\" content=\"Keresel vagy eladn\u00e1l egy Karl Lagerfeld \u00f3r\u00e1t? B\u00f6ng\u00e9ssz hirdet\u00e9seink k\u00f6z\u00f6tt, tal\u00e1ld meg a t\u00f6k\u00e9letes modellt, vagy add fel hirdet\u00e9sed gyorsan \u00e9s egyszer\u0171en!\" \/>\n<meta name=\"robots\" content=\"index, follow, max-snippet:-1, max-image-preview:large, max-video-preview:-1\" \/>\n<link rel=\"canonical\" href=\"https:\/\/hasznalt-ora.hu\/en\/hirdetes-kategoria\/karl-lagerfeld\/\" \/>\n<script type=\"application\/ld+json\" class=\"yoast-schema-graph\">{\"@context\":\"https:\/\/schema.org\",\"@graph\":[{\"@type\":\"CollectionPage\",\"@id\":\"https:\/\/hasznalt-ora.hu\/hirdetes-kategoria\/karl-lagerfeld\/\",\"url\":\"https:\/\/hasznalt-ora.hu\/hirdetes-kategoria\/karl-lagerfeld\/\",\"name\":\"Karl Lagerfeld - HASZN\u00c1LT-\u00d3RA.HU\",\"isPartOf\":{\"@id\":\"https:\/\/hasznalt-ora.hu\/#website\"},\"description\":\"Keresel vagy eladn\u00e1l egy Karl Lagerfeld \u00f3r\u00e1t? B\u00f6ng\u00e9ssz hirdet\u00e9seink k\u00f6z\u00f6tt, tal\u00e1ld meg a t\u00f6k\u00e9letes modellt, vagy add fel hirdet\u00e9sed gyorsan \u00e9s egyszer\u0171en!\",\"breadcrumb\":{\"@id\":\"https:\/\/hasznalt-ora.hu\/hirdetes-kategoria\/karl-lagerfeld\/#breadcrumb\"},\"inLanguage\":\"en-US\"},{\"@type\":\"BreadcrumbList\",\"@id\":\"https:\/\/hasznalt-ora.hu\/hirdetes-kategoria\/karl-lagerfeld\/#breadcrumb\",\"itemListElement\":[{\"@type\":\"ListItem\",\"position\":1,\"name\":\"Kezd\u0151lap\",\"item\":\"https:\/\/hasznalt-ora.hu\/\"},{\"@type\":\"ListItem\",\"position\":2,\"name\":\"Kar\u00f3ra\",\"item\":\"https:\/\/hasznalt-ora.hu\/hirdetes-kategoria\/karora\/\"},{\"@type\":\"ListItem\",\"position\":3,\"name\":\"Karl Lagerfeld\"}]},{\"@type\":\"WebSite\",\"@id\":\"https:\/\/hasznalt-ora.hu\/#website\",\"url\":\"https:\/\/hasznalt-ora.hu\/\",\"name\":\"HASZN\u00c1LT-\u00d3RA.HU\",\"description\":\"A magyar haszn\u00e1lt \u00f3ra piact\u00e9r\",\"publisher\":{\"@id\":\"https:\/\/hasznalt-ora.hu\/#organization\"},\"potentialAction\":[{\"@type\":\"SearchAction\",\"target\":{\"@type\":\"EntryPoint\",\"urlTemplate\":\"https:\/\/hasznalt-ora.hu\/?s={search_term_string}\"},\"query-input\":{\"@type\":\"PropertyValueSpecification\",\"valueRequired\":true,\"valueName\":\"search_term_string\"}}],\"inLanguage\":\"en-US\"},{\"@type\":\"Organization\",\"@id\":\"https:\/\/hasznalt-ora.hu\/#organization\",\"name\":\"HASZN\u00c1LT-\u00d3RA.HU\",\"url\":\"https:\/\/hasznalt-ora.hu\/\",\"logo\":{\"@type\":\"ImageObject\",\"inLanguage\":\"en-US\",\"@id\":\"https:\/\/hasznalt-ora.hu\/#\/schema\/logo\/image\/\",\"url\":\"https:\/\/hasznalt-ora.hu\/wp-content\/uploads\/2021\/07\/hasznalt_ora_k_2-scaled.jpg\",\"contentUrl\":\"https:\/\/hasznalt-ora.hu\/wp-content\/uploads\/2021\/07\/hasznalt_ora_k_2-scaled.jpg\",\"width\":2560,\"height\":1612,\"caption\":\"HASZN\u00c1LT-\u00d3RA.HU\"},\"image\":{\"@id\":\"https:\/\/hasznalt-ora.hu\/#\/schema\/logo\/image\/\"},\"sameAs\":[\"https:\/\/www.facebook.com\/groups\/hasznaltorakpiactere\"]}]}<\/script>\n<!-- \/ Yoast SEO plugin. -->","yoast_head_json":{"title":"Karl Lagerfeld - HASZN\u00c1LT-\u00d3RA.HU","description":"Keresel vagy eladn\u00e1l egy Karl Lagerfeld \u00f3r\u00e1t? B\u00f6ng\u00e9ssz hirdet\u00e9seink k\u00f6z\u00f6tt, tal\u00e1ld meg a t\u00f6k\u00e9letes modellt, vagy add fel hirdet\u00e9sed gyorsan \u00e9s egyszer\u0171en!","robots":{"index":"index","follow":"follow","max-snippet":"max-snippet:-1","max-image-preview":"max-image-preview:large","max-video-preview":"max-video-preview:-1"},"canonical":"https:\/\/hasznalt-ora.hu\/en\/hirdetes-kategoria\/karl-lagerfeld\/","schema":{"@context":"https:\/\/schema.org","@graph":[{"@type":"CollectionPage","@id":"https:\/\/hasznalt-ora.hu\/hirdetes-kategoria\/karl-lagerfeld\/","url":"https:\/\/hasznalt-ora.hu\/hirdetes-kategoria\/karl-lagerfeld\/","name":"Karl Lagerfeld - HASZN\u00c1LT-\u00d3RA.HU","isPartOf":{"@id":"https:\/\/hasznalt-ora.hu\/#website"},"description":"Keresel vagy eladn\u00e1l egy Karl Lagerfeld \u00f3r\u00e1t? B\u00f6ng\u00e9ssz hirdet\u00e9seink k\u00f6z\u00f6tt, tal\u00e1ld meg a t\u00f6k\u00e9letes modellt, vagy add fel hirdet\u00e9sed gyorsan \u00e9s egyszer\u0171en!","breadcrumb":{"@id":"https:\/\/hasznalt-ora.hu\/hirdetes-kategoria\/karl-lagerfeld\/#breadcrumb"},"inLanguage":"en-US"},{"@type":"BreadcrumbList","@id":"https:\/\/hasznalt-ora.hu\/hirdetes-kategoria\/karl-lagerfeld\/#breadcrumb","itemListElement":[{"@type":"ListItem","position":1,"name":"Kezd\u0151lap","item":"https:\/\/hasznalt-ora.hu\/"},{"@type":"ListItem","position":2,"name":"Kar\u00f3ra","item":"https:\/\/hasznalt-ora.hu\/hirdetes-kategoria\/karora\/"},{"@type":"ListItem","position":3,"name":"Karl Lagerfeld"}]},{"@type":"WebSite","@id":"https:\/\/hasznalt-ora.hu\/#website","url":"https:\/\/hasznalt-ora.hu\/","name":"HASZN\u00c1LT-\u00d3RA.HU","description":"A magyar haszn\u00e1lt \u00f3ra piact\u00e9r","publisher":{"@id":"https:\/\/hasznalt-ora.hu\/#organization"},"potentialAction":[{"@type":"SearchAction","target":{"@type":"EntryPoint","urlTemplate":"https:\/\/hasznalt-ora.hu\/?s={search_term_string}"},"query-input":{"@type":"PropertyValueSpecification","valueRequired":true,"valueName":"search_term_string"}}],"inLanguage":"en-US"},{"@type":"Organization","@id":"https:\/\/hasznalt-ora.hu\/#organization","name":"HASZN\u00c1LT-\u00d3RA.HU","url":"https:\/\/hasznalt-ora.hu\/","logo":{"@type":"ImageObject","inLanguage":"en-US","@id":"https:\/\/hasznalt-ora.hu\/#\/schema\/logo\/image\/","url":"https:\/\/hasznalt-ora.hu\/wp-content\/uploads\/2021\/07\/hasznalt_ora_k_2-scaled.jpg","contentUrl":"https:\/\/hasznalt-ora.hu\/wp-content\/uploads\/2021\/07\/hasznalt_ora_k_2-scaled.jpg","width":2560,"height":1612,"caption":"HASZN\u00c1LT-\u00d3RA.HU"},"image":{"@id":"https:\/\/hasznalt-ora.hu\/#\/schema\/logo\/image\/"},"sameAs":["https:\/\/www.facebook.com\/groups\/hasznaltorakpiactere"]}]}},"_links":{"self":[{"href":"https:\/\/hasznalt-ora.hu\/en\/wp-json\/wp\/v2\/advert-category\/5005","targetHints":{"allow":["GET"]}}],"collection":[{"href":"https:\/\/hasznalt-ora.hu\/en\/wp-json\/wp\/v2\/advert-category"}],"about":[{"href":"https:\/\/hasznalt-ora.hu\/en\/wp-json\/wp\/v2\/taxonomies\/advert-category"}],"up":[{"embeddable":true,"href":"https:\/\/hasznalt-ora.hu\/en\/wp-json\/wp\/v2\/advert-category\/3914"}],"wp:post_type":[{"href":"https:\/\/hasznalt-ora.hu\/en\/wp-json\/wp\/v2\/advert?advert-category=5005"}],"curies":[{"name":"wp","href":"https:\/\/api.w.org\/{rel}","templated":true}]}}