{"id":4176,"count":0,"description":"<h3>Andre Belfort\u00a0\u00f3r\u00e1t keresel vagy eladn\u00e1l?<\/h3>\r\nN\u00e1lunk hirdethetsz vagy megtal\u00e1lhatod a t\u00f6k\u00e9letes modellt! B\u00f6ng\u00e9ssz hirdet\u00e9seink k\u00f6z\u00f6tt most!\r\n<h3>Andre Belfort<\/h3>\r\n<strong>Messze meghaladja a t\u00e9r \u00e9s az id\u0151 hat\u00e1rait!<\/strong>\r\n\r\nAz emberis\u00e9g mindig is v\u00e1gya \u00e9s t\u00f6rekv\u00e9se volt vil\u00e1g\u00e1nak kutat\u00e1sa, t\u00f6k\u00e9letes\u00edt\u00e9se \u00e9s tov\u00e1bbfejleszt\u00e9se \u00e9rdek\u00e9ben - ez\u00e1ltal megny\u00fajtva a lehet\u0151s\u00e9gek korl\u00e1tait, \u00e9s sz\u00fcks\u00e9g eset\u00e9n t\u00fall\u00e9pve ezeket a hat\u00e1rokat.\r\n\r\nE bels\u0151 meghajt\u00e1s n\u00e9lk\u00fcl Columbus nem fedezte volna fel az \u00daj Vil\u00e1got, Leonardo da Vinci nem hozta volna l\u00e9tre Mona Liz\u00e1j\u00e1t, az els\u0151 rep\u00fcl\u0151g\u00e9pet m\u00e9g mindig nem tal\u00e1lt\u00e1k ki, \u00e9s az els\u0151 hold lesz\u00e1ll\u00e1skor csak csend lenne!\r\n\r\nPontosan a sok h\u00edres feltal\u00e1l\u00f3, m\u0171v\u00e9sz \u00e9s tud\u00f3s szelleme l\u00e9tezik \u00e9s \u00e9l Andre Belforton. A kih\u00edv\u00e1s felismer\u00e9s\u00e9re ir\u00e1nyul\u00f3 t\u00f6rekv\u00e9s, brili\u00e1ns megold\u00e1s megfogalmaz\u00e1sa \u00e9s megmarad\u00f3 ereje ahhoz, hogy ezt a megold\u00e1st az els\u0151 koncepci\u00f3t\u00f3l a v\u00e9gterm\u00e9kig \u00e1tvigye.\r\nAndre Belfortn\u00e1l a k\u00e9zm\u0171ves tal\u00e1lkozik tud\u00e1ssal, hogyan lehet el\u00e9rni a m\u0171v\u00e9szi produkci\u00f3 legmagasabb sz\u00ednvonal\u00e1t. Napr\u00f3l napra tapasztalt professzion\u00e1lis \u00f3ragy\u00e1rt\u00f3k \u00e9s m\u00e9rn\u00f6k\u00f6k \u00fatt\u00f6r\u0151 lend\u00fcletet adnak az \u00faj modellek \u00e9s innovat\u00edv \u00f3ramechanizmusok kirak\u00f3s\u00e1gainak, mindenkor a pontoss\u00e1g \u00e9s a t\u00f6k\u00e9letess\u00e9g \u00f6sszpontos\u00edtva, mivel a szenved\u00e9ly \u00e9s az amb\u00edci\u00f3kkal teli avantg\u00e1rd tervez\u0151k kih\u00edv\u00e1st jelentenek a t\u00f6k\u00e9letes technol\u00f3gia hib\u00e1tlan beilleszt\u00e9s\u00e9vel. eleg\u00e1ns \u00f3ra.\r\n\r\nA v\u00e9geredm\u00e9ny egy luxus \u00f3ra, sok apr\u00f3 finom\u00edt\u00e1ssal, a legmagasabb min\u0151s\u00e9g\u0171 \u00e9s hossz\u00fa \u00e9lettartam\u00fa, mik\u00f6zben egyed\u00fcl\u00e1ll\u00f3 sz\u00e9ps\u00e9g. Minden \u00f3ra p\u00e1ratlan remekm\u0171.\r\n\r\nForr\u00e1s: <a target=\"\" rel=\"\">https:\/\/www.andre-belfort.com\/en\/index.html<\/a>","link":"https:\/\/hasznalt-ora.hu\/en\/hirdetes-kategoria\/andre-belfort\/","name":"Andre Belfort","slug":"andre-belfort","taxonomy":"advert-category","parent":3914,"meta":[],"yoast_head":"<!-- This site is optimized with the Yoast SEO plugin v26.3 - https:\/\/yoast.com\/wordpress\/plugins\/seo\/ -->\n<title>Andre Belfort - HASZN\u00c1LT-\u00d3RA.HU<\/title>\n<meta name=\"description\" content=\"Andre Belfort\u00a0\u00f3r\u00e1t keresel vagy eladn\u00e1l?N\u00e1lunk hirdethetsz vagy megtal\u00e1lhatod a t\u00f6k\u00e9letes modellt! B\u00f6ng\u00e9ssz hirdet\u00e9seink k\u00f6z\u00f6tt most!\" \/>\n<meta name=\"robots\" content=\"index, follow, max-snippet:-1, max-image-preview:large, max-video-preview:-1\" \/>\n<link rel=\"canonical\" href=\"https:\/\/hasznalt-ora.hu\/en\/hirdetes-kategoria\/andre-belfort\/\" \/>\n<script type=\"application\/ld+json\" class=\"yoast-schema-graph\">{\"@context\":\"https:\/\/schema.org\",\"@graph\":[{\"@type\":\"CollectionPage\",\"@id\":\"https:\/\/hasznalt-ora.hu\/hirdetes-kategoria\/andre-belfort\/\",\"url\":\"https:\/\/hasznalt-ora.hu\/hirdetes-kategoria\/andre-belfort\/\",\"name\":\"Andre Belfort - HASZN\u00c1LT-\u00d3RA.HU\",\"isPartOf\":{\"@id\":\"https:\/\/hasznalt-ora.hu\/#website\"},\"description\":\"Andre Belfort\u00a0\u00f3r\u00e1t keresel vagy eladn\u00e1l?N\u00e1lunk hirdethetsz vagy megtal\u00e1lhatod a t\u00f6k\u00e9letes modellt! B\u00f6ng\u00e9ssz hirdet\u00e9seink k\u00f6z\u00f6tt most!\",\"breadcrumb\":{\"@id\":\"https:\/\/hasznalt-ora.hu\/hirdetes-kategoria\/andre-belfort\/#breadcrumb\"},\"inLanguage\":\"en-US\"},{\"@type\":\"BreadcrumbList\",\"@id\":\"https:\/\/hasznalt-ora.hu\/hirdetes-kategoria\/andre-belfort\/#breadcrumb\",\"itemListElement\":[{\"@type\":\"ListItem\",\"position\":1,\"name\":\"Kezd\u0151lap\",\"item\":\"https:\/\/hasznalt-ora.hu\/\"},{\"@type\":\"ListItem\",\"position\":2,\"name\":\"Kar\u00f3ra\",\"item\":\"https:\/\/hasznalt-ora.hu\/hirdetes-kategoria\/karora\/\"},{\"@type\":\"ListItem\",\"position\":3,\"name\":\"Andre Belfort\"}]},{\"@type\":\"WebSite\",\"@id\":\"https:\/\/hasznalt-ora.hu\/#website\",\"url\":\"https:\/\/hasznalt-ora.hu\/\",\"name\":\"HASZN\u00c1LT-\u00d3RA.HU\",\"description\":\"A magyar haszn\u00e1lt \u00f3ra piact\u00e9r\",\"publisher\":{\"@id\":\"https:\/\/hasznalt-ora.hu\/#organization\"},\"potentialAction\":[{\"@type\":\"SearchAction\",\"target\":{\"@type\":\"EntryPoint\",\"urlTemplate\":\"https:\/\/hasznalt-ora.hu\/?s={search_term_string}\"},\"query-input\":{\"@type\":\"PropertyValueSpecification\",\"valueRequired\":true,\"valueName\":\"search_term_string\"}}],\"inLanguage\":\"en-US\"},{\"@type\":\"Organization\",\"@id\":\"https:\/\/hasznalt-ora.hu\/#organization\",\"name\":\"HASZN\u00c1LT-\u00d3RA.HU\",\"url\":\"https:\/\/hasznalt-ora.hu\/\",\"logo\":{\"@type\":\"ImageObject\",\"inLanguage\":\"en-US\",\"@id\":\"https:\/\/hasznalt-ora.hu\/#\/schema\/logo\/image\/\",\"url\":\"https:\/\/hasznalt-ora.hu\/wp-content\/uploads\/2021\/07\/hasznalt_ora_k_2-scaled.jpg\",\"contentUrl\":\"https:\/\/hasznalt-ora.hu\/wp-content\/uploads\/2021\/07\/hasznalt_ora_k_2-scaled.jpg\",\"width\":2560,\"height\":1612,\"caption\":\"HASZN\u00c1LT-\u00d3RA.HU\"},\"image\":{\"@id\":\"https:\/\/hasznalt-ora.hu\/#\/schema\/logo\/image\/\"},\"sameAs\":[\"https:\/\/www.facebook.com\/groups\/hasznaltorakpiactere\"]}]}<\/script>\n<!-- \/ Yoast SEO plugin. -->","yoast_head_json":{"title":"Andre Belfort - HASZN\u00c1LT-\u00d3RA.HU","description":"Andre Belfort\u00a0\u00f3r\u00e1t keresel vagy eladn\u00e1l?N\u00e1lunk hirdethetsz vagy megtal\u00e1lhatod a t\u00f6k\u00e9letes modellt! B\u00f6ng\u00e9ssz hirdet\u00e9seink k\u00f6z\u00f6tt most!","robots":{"index":"index","follow":"follow","max-snippet":"max-snippet:-1","max-image-preview":"max-image-preview:large","max-video-preview":"max-video-preview:-1"},"canonical":"https:\/\/hasznalt-ora.hu\/en\/hirdetes-kategoria\/andre-belfort\/","schema":{"@context":"https:\/\/schema.org","@graph":[{"@type":"CollectionPage","@id":"https:\/\/hasznalt-ora.hu\/hirdetes-kategoria\/andre-belfort\/","url":"https:\/\/hasznalt-ora.hu\/hirdetes-kategoria\/andre-belfort\/","name":"Andre Belfort - HASZN\u00c1LT-\u00d3RA.HU","isPartOf":{"@id":"https:\/\/hasznalt-ora.hu\/#website"},"description":"Andre Belfort\u00a0\u00f3r\u00e1t keresel vagy eladn\u00e1l?N\u00e1lunk hirdethetsz vagy megtal\u00e1lhatod a t\u00f6k\u00e9letes modellt! B\u00f6ng\u00e9ssz hirdet\u00e9seink k\u00f6z\u00f6tt most!","breadcrumb":{"@id":"https:\/\/hasznalt-ora.hu\/hirdetes-kategoria\/andre-belfort\/#breadcrumb"},"inLanguage":"en-US"},{"@type":"BreadcrumbList","@id":"https:\/\/hasznalt-ora.hu\/hirdetes-kategoria\/andre-belfort\/#breadcrumb","itemListElement":[{"@type":"ListItem","position":1,"name":"Kezd\u0151lap","item":"https:\/\/hasznalt-ora.hu\/"},{"@type":"ListItem","position":2,"name":"Kar\u00f3ra","item":"https:\/\/hasznalt-ora.hu\/hirdetes-kategoria\/karora\/"},{"@type":"ListItem","position":3,"name":"Andre Belfort"}]},{"@type":"WebSite","@id":"https:\/\/hasznalt-ora.hu\/#website","url":"https:\/\/hasznalt-ora.hu\/","name":"HASZN\u00c1LT-\u00d3RA.HU","description":"A magyar haszn\u00e1lt \u00f3ra piact\u00e9r","publisher":{"@id":"https:\/\/hasznalt-ora.hu\/#organization"},"potentialAction":[{"@type":"SearchAction","target":{"@type":"EntryPoint","urlTemplate":"https:\/\/hasznalt-ora.hu\/?s={search_term_string}"},"query-input":{"@type":"PropertyValueSpecification","valueRequired":true,"valueName":"search_term_string"}}],"inLanguage":"en-US"},{"@type":"Organization","@id":"https:\/\/hasznalt-ora.hu\/#organization","name":"HASZN\u00c1LT-\u00d3RA.HU","url":"https:\/\/hasznalt-ora.hu\/","logo":{"@type":"ImageObject","inLanguage":"en-US","@id":"https:\/\/hasznalt-ora.hu\/#\/schema\/logo\/image\/","url":"https:\/\/hasznalt-ora.hu\/wp-content\/uploads\/2021\/07\/hasznalt_ora_k_2-scaled.jpg","contentUrl":"https:\/\/hasznalt-ora.hu\/wp-content\/uploads\/2021\/07\/hasznalt_ora_k_2-scaled.jpg","width":2560,"height":1612,"caption":"HASZN\u00c1LT-\u00d3RA.HU"},"image":{"@id":"https:\/\/hasznalt-ora.hu\/#\/schema\/logo\/image\/"},"sameAs":["https:\/\/www.facebook.com\/groups\/hasznaltorakpiactere"]}]}},"_links":{"self":[{"href":"https:\/\/hasznalt-ora.hu\/en\/wp-json\/wp\/v2\/advert-category\/4176","targetHints":{"allow":["GET"]}}],"collection":[{"href":"https:\/\/hasznalt-ora.hu\/en\/wp-json\/wp\/v2\/advert-category"}],"about":[{"href":"https:\/\/hasznalt-ora.hu\/en\/wp-json\/wp\/v2\/taxonomies\/advert-category"}],"up":[{"embeddable":true,"href":"https:\/\/hasznalt-ora.hu\/en\/wp-json\/wp\/v2\/advert-category\/3914"}],"wp:post_type":[{"href":"https:\/\/hasznalt-ora.hu\/en\/wp-json\/wp\/v2\/advert?advert-category=4176"}],"curies":[{"name":"wp","href":"https:\/\/api.w.org\/{rel}","templated":true}]}}