{"id":3726,"count":10,"description":"<h3>Police kar\u00f3ra r\u00f6vid t\u00f6rt\u00e9nete<\/h3>\r\nA De Rigo testv\u00e9rek 1983-ban \u00e9szrevett\u00e9k azt amit m\u00e1sok nem.\r\n\r\nA manaps\u00e1g m\u00e1r alapkieg\u00e9sz\u00edt\u0151nek sz\u00e1m\u00edt\u00f3 napszem\u00fcvegek ter\u00e9n ebben az id\u0151ben m\u00e9g csak funkcion\u00e1lit\u00e1s volt a f\u0151 szempont, \u00e9s kor\u00e1ntsem a divatos megjelen\u00e9s volt a c\u00e9l. A testv\u00e9rp\u00e1r \u00f6tlete a k\u00f6vetkez\u0151 volt: Olyan napszem\u00fcveg megalkot\u00e1sa ami nem csak hasznos de divatos is! <em><cite>\u00cdgy j\u00f6tt l\u00e9tre a Police m\u00e1rka. <\/cite><\/em>A napszem\u00fcvegeik t\u00f6retlen siker\u00e9n felbuzd\u00falva, 1995-ben piacra dobt\u00e1k parf\u00fcm kollekci\u00f3jukat is, ami szint\u00e9n bev\u00e1ltotta a hozz\u00e1 f\u0171z\u00f6tt rem\u00e9nyeket megalapozva a m\u00e1rka soksz\u00edn\u0171s\u00e9g\u00e9t.\r\n\r\n2003\r\n\r\n\u00cdgy \u00e9rkez\u00fcnk el 2003-ba amikor is a c\u00e9g \u00faj szegmens fel\u00e9 nyitva piacra dobja a Police kar\u00f3r\u00e1kat. Az els\u0151 n\u00e9h\u00e1ny \u00e9vben a kar\u00f3r\u00e1k nem arattak akkora sikert, azonban 2007 fordul\u00f3pontnak sz\u00e1mitott. Ekkroa a m\u00e1rka \"\"Urban\"\" nagyv\u00e1rosi kollekci\u00f3ja berobbant a k\u00f6ztudatba, \u00e9s innen m\u00e1r felfel\u00e9 vezetett az \u00fat a kar\u00f3r\u00e1k sz\u00e1m\u00e1ra is.\r\n\r\n2010-ben a m\u00e1rka egy \u00faj utat jel\u00f6lt ki mag\u00e1nak, olyan\u00a0 f\u00e9rfi \u00f3r\u00e1kat akartak gy\u00e1rtani, ami nem olvad be a kar\u00f3r\u00e1k tenger\u00e9be. Jelmondatukat is ez t\u00fckr\u00f6zi \"\"Be Younique\"\" azaz l\u00e9gy \u00f6nmagad, ez a m\u00e1rka hitval\u00e1ssa \u00e9s ez t\u00fckr\u00f6z\u0151dik a\u00a0 kar\u00f3r\u00e1kn\u00e1l is. 2013-ban volt a c\u00e9g 30 \u00e9ves, a kezdeti szem\u00fcveggy\u00e1rt\u00e1sb\u00f3l egy \u00e9letst\u00edluss\u00e1 n\u0151tte ki mag\u00e1t.\r\n\r\nL\u00e1zad\u00f3 egyediseget t\u00fckr\u00f6z\u0151\r\n\r\nEgy \u00f3ra, \u00e9s legink\u00e1bb egy Police \u00f3ra, ma m\u00e1r kor\u00e1ntsem csak az id\u0151 m\u00e9r\u00e9s\u00e9re szolg\u00e1l\u00f3 haszn\u00e1lati t\u00e1rgy, sokkal t\u00f6bb ann\u00e1l. Visel\u0151je l\u00e1zad\u00f3 \u00e9letfelfog\u00e1s\u00e1t, egyedis\u00e9g\u00e9t, mutatja meg a vil\u00e1g fel\u00e9. Olyan embereknek b\u00e1rmelyik modell t\u00f6k\u00e9letes v\u00e1laszt\u00e1s, akik szeretik a divatot, de m\u00e9gis valami k\u00fcl\u00f6nlegeset, szeretn\u00e9nek magukon l\u00e1tni. K\u00fcl\u00f6nleges \u00f3r\u00e1k mind az egyedis\u00e9get t\u00f6kr\u00f6zik, eggyetlen t\u00edpusuk se hasonl\u00edt semmilyen kar\u00f3ra m\u00e1rk\u00e1hoz\r\n\r\nForr\u00e1s:<a target=\"\" rel=\"noopener\">http:\/\/www.ora-bolt.hu\/police-karora-az-olasz-melo<\/a>\r\n\r\n#police #policekar\u00f3ra #kar\u00f3ra\r\n\r\nkar\u00f3ra ad\u00e1s-v\u00e9tel","link":"https:\/\/hasznalt-ora.hu\/en\/hirdetes-kategoria\/police\/","name":"Police","slug":"police","taxonomy":"advert-category","parent":3914,"meta":[],"yoast_head":"<!-- This site is optimized with the Yoast SEO plugin v26.3 - https:\/\/yoast.com\/wordpress\/plugins\/seo\/ -->\n<title>Police - HASZN\u00c1LT-\u00d3RA.HU<\/title>\n<meta name=\"description\" content=\"A De Rigo testv\u00e9rek 1983-ban \u00e9szrevett\u00e9k azt amit m\u00e1sok nem.\" \/>\n<meta name=\"robots\" content=\"index, follow, max-snippet:-1, max-image-preview:large, max-video-preview:-1\" \/>\n<link rel=\"canonical\" href=\"https:\/\/hasznalt-ora.hu\/en\/hirdetes-kategoria\/police\/\" \/>\n<script type=\"application\/ld+json\" class=\"yoast-schema-graph\">{\"@context\":\"https:\/\/schema.org\",\"@graph\":[{\"@type\":\"CollectionPage\",\"@id\":\"https:\/\/hasznalt-ora.hu\/hirdetes-kategoria\/police\/\",\"url\":\"https:\/\/hasznalt-ora.hu\/hirdetes-kategoria\/police\/\",\"name\":\"Police - HASZN\u00c1LT-\u00d3RA.HU\",\"isPartOf\":{\"@id\":\"https:\/\/hasznalt-ora.hu\/#website\"},\"description\":\"A De Rigo testv\u00e9rek 1983-ban \u00e9szrevett\u00e9k azt amit m\u00e1sok nem.\",\"breadcrumb\":{\"@id\":\"https:\/\/hasznalt-ora.hu\/hirdetes-kategoria\/police\/#breadcrumb\"},\"inLanguage\":\"en-US\"},{\"@type\":\"BreadcrumbList\",\"@id\":\"https:\/\/hasznalt-ora.hu\/hirdetes-kategoria\/police\/#breadcrumb\",\"itemListElement\":[{\"@type\":\"ListItem\",\"position\":1,\"name\":\"Kezd\u0151lap\",\"item\":\"https:\/\/hasznalt-ora.hu\/\"},{\"@type\":\"ListItem\",\"position\":2,\"name\":\"Kar\u00f3ra\",\"item\":\"https:\/\/hasznalt-ora.hu\/hirdetes-kategoria\/karora\/\"},{\"@type\":\"ListItem\",\"position\":3,\"name\":\"Police\"}]},{\"@type\":\"WebSite\",\"@id\":\"https:\/\/hasznalt-ora.hu\/#website\",\"url\":\"https:\/\/hasznalt-ora.hu\/\",\"name\":\"HASZN\u00c1LT-\u00d3RA.HU\",\"description\":\"A magyar haszn\u00e1lt \u00f3ra piact\u00e9r\",\"publisher\":{\"@id\":\"https:\/\/hasznalt-ora.hu\/#organization\"},\"potentialAction\":[{\"@type\":\"SearchAction\",\"target\":{\"@type\":\"EntryPoint\",\"urlTemplate\":\"https:\/\/hasznalt-ora.hu\/?s={search_term_string}\"},\"query-input\":{\"@type\":\"PropertyValueSpecification\",\"valueRequired\":true,\"valueName\":\"search_term_string\"}}],\"inLanguage\":\"en-US\"},{\"@type\":\"Organization\",\"@id\":\"https:\/\/hasznalt-ora.hu\/#organization\",\"name\":\"HASZN\u00c1LT-\u00d3RA.HU\",\"url\":\"https:\/\/hasznalt-ora.hu\/\",\"logo\":{\"@type\":\"ImageObject\",\"inLanguage\":\"en-US\",\"@id\":\"https:\/\/hasznalt-ora.hu\/#\/schema\/logo\/image\/\",\"url\":\"https:\/\/hasznalt-ora.hu\/wp-content\/uploads\/2021\/07\/hasznalt_ora_k_2-scaled.jpg\",\"contentUrl\":\"https:\/\/hasznalt-ora.hu\/wp-content\/uploads\/2021\/07\/hasznalt_ora_k_2-scaled.jpg\",\"width\":2560,\"height\":1612,\"caption\":\"HASZN\u00c1LT-\u00d3RA.HU\"},\"image\":{\"@id\":\"https:\/\/hasznalt-ora.hu\/#\/schema\/logo\/image\/\"},\"sameAs\":[\"https:\/\/www.facebook.com\/groups\/hasznaltorakpiactere\"]}]}<\/script>\n<!-- \/ Yoast SEO plugin. -->","yoast_head_json":{"title":"Police - HASZN\u00c1LT-\u00d3RA.HU","description":"A De Rigo testv\u00e9rek 1983-ban \u00e9szrevett\u00e9k azt amit m\u00e1sok nem.","robots":{"index":"index","follow":"follow","max-snippet":"max-snippet:-1","max-image-preview":"max-image-preview:large","max-video-preview":"max-video-preview:-1"},"canonical":"https:\/\/hasznalt-ora.hu\/en\/hirdetes-kategoria\/police\/","schema":{"@context":"https:\/\/schema.org","@graph":[{"@type":"CollectionPage","@id":"https:\/\/hasznalt-ora.hu\/hirdetes-kategoria\/police\/","url":"https:\/\/hasznalt-ora.hu\/hirdetes-kategoria\/police\/","name":"Police - HASZN\u00c1LT-\u00d3RA.HU","isPartOf":{"@id":"https:\/\/hasznalt-ora.hu\/#website"},"description":"A De Rigo testv\u00e9rek 1983-ban \u00e9szrevett\u00e9k azt amit m\u00e1sok nem.","breadcrumb":{"@id":"https:\/\/hasznalt-ora.hu\/hirdetes-kategoria\/police\/#breadcrumb"},"inLanguage":"en-US"},{"@type":"BreadcrumbList","@id":"https:\/\/hasznalt-ora.hu\/hirdetes-kategoria\/police\/#breadcrumb","itemListElement":[{"@type":"ListItem","position":1,"name":"Kezd\u0151lap","item":"https:\/\/hasznalt-ora.hu\/"},{"@type":"ListItem","position":2,"name":"Kar\u00f3ra","item":"https:\/\/hasznalt-ora.hu\/hirdetes-kategoria\/karora\/"},{"@type":"ListItem","position":3,"name":"Police"}]},{"@type":"WebSite","@id":"https:\/\/hasznalt-ora.hu\/#website","url":"https:\/\/hasznalt-ora.hu\/","name":"HASZN\u00c1LT-\u00d3RA.HU","description":"A magyar haszn\u00e1lt \u00f3ra piact\u00e9r","publisher":{"@id":"https:\/\/hasznalt-ora.hu\/#organization"},"potentialAction":[{"@type":"SearchAction","target":{"@type":"EntryPoint","urlTemplate":"https:\/\/hasznalt-ora.hu\/?s={search_term_string}"},"query-input":{"@type":"PropertyValueSpecification","valueRequired":true,"valueName":"search_term_string"}}],"inLanguage":"en-US"},{"@type":"Organization","@id":"https:\/\/hasznalt-ora.hu\/#organization","name":"HASZN\u00c1LT-\u00d3RA.HU","url":"https:\/\/hasznalt-ora.hu\/","logo":{"@type":"ImageObject","inLanguage":"en-US","@id":"https:\/\/hasznalt-ora.hu\/#\/schema\/logo\/image\/","url":"https:\/\/hasznalt-ora.hu\/wp-content\/uploads\/2021\/07\/hasznalt_ora_k_2-scaled.jpg","contentUrl":"https:\/\/hasznalt-ora.hu\/wp-content\/uploads\/2021\/07\/hasznalt_ora_k_2-scaled.jpg","width":2560,"height":1612,"caption":"HASZN\u00c1LT-\u00d3RA.HU"},"image":{"@id":"https:\/\/hasznalt-ora.hu\/#\/schema\/logo\/image\/"},"sameAs":["https:\/\/www.facebook.com\/groups\/hasznaltorakpiactere"]}]}},"_links":{"self":[{"href":"https:\/\/hasznalt-ora.hu\/en\/wp-json\/wp\/v2\/advert-category\/3726","targetHints":{"allow":["GET"]}}],"collection":[{"href":"https:\/\/hasznalt-ora.hu\/en\/wp-json\/wp\/v2\/advert-category"}],"about":[{"href":"https:\/\/hasznalt-ora.hu\/en\/wp-json\/wp\/v2\/taxonomies\/advert-category"}],"up":[{"embeddable":true,"href":"https:\/\/hasznalt-ora.hu\/en\/wp-json\/wp\/v2\/advert-category\/3914"}],"wp:post_type":[{"href":"https:\/\/hasznalt-ora.hu\/en\/wp-json\/wp\/v2\/advert?advert-category=3726"}],"curies":[{"name":"wp","href":"https:\/\/api.w.org\/{rel}","templated":true}]}}