{"id":3662,"count":14,"description":"<h3>Maurice Lacroix \u00f3r\u00e1t keresel vagy eladn\u00e1l?<\/h3>\r\nFedezd fel a sv\u00e1jci elegancia \u00e9s modern diz\u00e1jn t\u00f6k\u00e9letes kombin\u00e1ci\u00f3j\u00e1t, vagy hirdesd meg saj\u00e1t \u00f3r\u00e1dat most!\r\n<h3>Maurice Lacroix<\/h3>\r\nA c\u00e9get-t 1975-ben alap\u00edtott\u00e1k a z\u00fcrichi Desco von Schulthess r\u00e9szek\u00e9nt. Az 1889-ben alap\u00edtott Desco von Schulthess (Desco) egy r\u00e9gebbi t\u00e1rsas\u00e1g, amelynek a selyem kereskedelme gy\u00f6kerei vannak. 1946 \u00f3ta a Desco k\u00e9pviseli a luxus\u00f3r\u00e1kat is, bele\u00e9rtve Audemars Piguet , <a title=\"\">Heuer<\/a> , Eterna \u00e9s Jaeger-LeCoultre . Az \u00e9vek sor\u00e1n a Desco egyre ink\u00e1bb \u00e9rdekl\u0151d\u00f6tt az \u00f3ra\u00fczlet ir\u00e1nt, \u00e9s 1961-ben a Desco Tiara nev\u0171 \u00f6sszeszerel\u0151 l\u00e9tes\u00edtm\u00e9nyt v\u00e1s\u00e1rolt Saignel\u00e9gier-ben, a Jura sv\u00e1jci kantonban.. Ott gy\u00e1rtott saj\u00e1t m\u00e1rk\u00e1s \u00f3r\u00e1kat harmadik felek sz\u00e1m\u00e1ra. 1975-ben a Desco Maurice Lacroix m\u00e1rkan\u00e9v alatt elkezdte az \u00f3r\u00e1k marketingj\u00e9t. Volt egy tag a Desco von Schulthess, a c\u00e9g alap\u00edt\u00f3 t\u00e1rsas\u00e1g\u00e1nak, akit Lacroix-nak h\u00edvtak.\r\n<h3>Megsz\u00fcletett a M\u00e1rka<\/h3>\r\n1980-ra M\u00e1rka annyira sikeres lett, hogy a Saignel\u00e9gier-i l\u00e9tes\u00edtm\u00e9ny besz\u00fcntette a termel\u00e9st harmadik felek sz\u00e1m\u00e1ra. 1989-ben M\u00e1rka megv\u00e1s\u00e1rolta a Queloz SA \u00fcgyv\u00e9dj\u00e9t, amely szint\u00e9n Saignel\u00e9gier-ben tal\u00e1lhat\u00f3. A h\u00e1zon bel\u00fcli \u00f3r\u00e1k gy\u00e1rt\u00e1s\u00e1nak k\u00e9pess\u00e9ge szokatlanul teszi Maurice Lacroix-ot a t\u00f6bbi luxus\u00f3ra-t\u00e1rsas\u00e1ghoz k\u00e9pest.\r\n\r\nAz 1990-es \u00e9vek sor\u00e1n a M\u00e1rka \u201erak\u00e9taszer\u0171 emelked\u00e9st\u201d tapasztalt a cs\u00facskateg\u00f3ri\u00e1j\u00fa \u201eLes M\u00e9caniques\u201d vonal elind\u00edt\u00e1s\u00e1val, amelyet k\u00e9s\u0151bb \u201eMasterpiece\u201d sorozatnak neveztek el. Ebben az id\u0151ben a t\u00e1rsas\u00e1g a sv\u00e1jci \u00f3r\u00e1k <i>gy\u00e1rt\u00e1s\u00e1nak<\/i>\u00a0magas rangj\u00e1ba emelkedett\u00a0, mind a tradicion\u00e1lis \u201esv\u00e1jci \u00f3r\u00e1k k\u00e9sz\u00edt\u00e9s\u00e9nek m\u0171v\u00e9szet\u00e9t\u201d tartva fenn, mind pedig saj\u00e1t mozgalmak l\u00e9trehoz\u00e1s\u00e1val a Mesterm\u0171vek gy\u0171jtem\u00e9ny\u00e9hez.\r\n\r\n2010-t\u0151l kezdve a Maurice Lacroix vil\u00e1gszerte \u00f6sszesen k\u00f6r\u00fclbel\u00fcl 220 alkalmazottat foglalkoztat, \u00e9s a vil\u00e1g t\u00f6bb mint 60 orsz\u00e1g\u00e1ban mintegy 4000 \u00fczletben van jelen.\r\n\r\nForr\u00e1s:<a target=\"\" rel=\"noopener\">https:\/\/en.wikipedia.org\/wiki\/Maurice_Lacroix<\/a>\r\n\r\n#mauricelacroix #aikon #urban #kar\u00f3ra\r\n\r\nkar\u00f3ra ad\u00e1s-v\u00e9tel","link":"https:\/\/hasznalt-ora.hu\/en\/hirdetes-kategoria\/maurice-lacroix\/","name":"Maurice Lacroix","slug":"maurice-lacroix","taxonomy":"advert-category","parent":3914,"meta":[],"yoast_head":"<!-- This site is optimized with the Yoast SEO plugin v26.3 - https:\/\/yoast.com\/wordpress\/plugins\/seo\/ -->\n<title>Maurice Lacroix - HASZN\u00c1LT-\u00d3RA.HU<\/title>\n<meta name=\"description\" content=\"Maurice Lacroix \u00f3r\u00e1t keresel vagy eladn\u00e1l? Fedezd fel a sv\u00e1jci elegancia \u00e9s modern diz\u00e1jn t\u00f6k\u00e9letes kombin\u00e1ci\u00f3j\u00e1t, vagy hirdesd meg saj\u00e1t \u00f3r\u00e1dat most!\" \/>\n<meta name=\"robots\" content=\"index, follow, max-snippet:-1, max-image-preview:large, max-video-preview:-1\" \/>\n<link rel=\"canonical\" href=\"https:\/\/hasznalt-ora.hu\/en\/hirdetes-kategoria\/maurice-lacroix\/\" \/>\n<script type=\"application\/ld+json\" class=\"yoast-schema-graph\">{\"@context\":\"https:\/\/schema.org\",\"@graph\":[{\"@type\":\"CollectionPage\",\"@id\":\"https:\/\/hasznalt-ora.hu\/hirdetes-kategoria\/maurice-lacroix\/\",\"url\":\"https:\/\/hasznalt-ora.hu\/hirdetes-kategoria\/maurice-lacroix\/\",\"name\":\"Maurice Lacroix - HASZN\u00c1LT-\u00d3RA.HU\",\"isPartOf\":{\"@id\":\"https:\/\/hasznalt-ora.hu\/#website\"},\"description\":\"Maurice Lacroix \u00f3r\u00e1t keresel vagy eladn\u00e1l? Fedezd fel a sv\u00e1jci elegancia \u00e9s modern diz\u00e1jn t\u00f6k\u00e9letes kombin\u00e1ci\u00f3j\u00e1t, vagy hirdesd meg saj\u00e1t \u00f3r\u00e1dat most!\",\"breadcrumb\":{\"@id\":\"https:\/\/hasznalt-ora.hu\/hirdetes-kategoria\/maurice-lacroix\/#breadcrumb\"},\"inLanguage\":\"en-US\"},{\"@type\":\"BreadcrumbList\",\"@id\":\"https:\/\/hasznalt-ora.hu\/hirdetes-kategoria\/maurice-lacroix\/#breadcrumb\",\"itemListElement\":[{\"@type\":\"ListItem\",\"position\":1,\"name\":\"Kezd\u0151lap\",\"item\":\"https:\/\/hasznalt-ora.hu\/\"},{\"@type\":\"ListItem\",\"position\":2,\"name\":\"Kar\u00f3ra\",\"item\":\"https:\/\/hasznalt-ora.hu\/hirdetes-kategoria\/karora\/\"},{\"@type\":\"ListItem\",\"position\":3,\"name\":\"Maurice Lacroix\"}]},{\"@type\":\"WebSite\",\"@id\":\"https:\/\/hasznalt-ora.hu\/#website\",\"url\":\"https:\/\/hasznalt-ora.hu\/\",\"name\":\"HASZN\u00c1LT-\u00d3RA.HU\",\"description\":\"A magyar haszn\u00e1lt \u00f3ra piact\u00e9r\",\"publisher\":{\"@id\":\"https:\/\/hasznalt-ora.hu\/#organization\"},\"potentialAction\":[{\"@type\":\"SearchAction\",\"target\":{\"@type\":\"EntryPoint\",\"urlTemplate\":\"https:\/\/hasznalt-ora.hu\/?s={search_term_string}\"},\"query-input\":{\"@type\":\"PropertyValueSpecification\",\"valueRequired\":true,\"valueName\":\"search_term_string\"}}],\"inLanguage\":\"en-US\"},{\"@type\":\"Organization\",\"@id\":\"https:\/\/hasznalt-ora.hu\/#organization\",\"name\":\"HASZN\u00c1LT-\u00d3RA.HU\",\"url\":\"https:\/\/hasznalt-ora.hu\/\",\"logo\":{\"@type\":\"ImageObject\",\"inLanguage\":\"en-US\",\"@id\":\"https:\/\/hasznalt-ora.hu\/#\/schema\/logo\/image\/\",\"url\":\"https:\/\/hasznalt-ora.hu\/wp-content\/uploads\/2021\/07\/hasznalt_ora_k_2-scaled.jpg\",\"contentUrl\":\"https:\/\/hasznalt-ora.hu\/wp-content\/uploads\/2021\/07\/hasznalt_ora_k_2-scaled.jpg\",\"width\":2560,\"height\":1612,\"caption\":\"HASZN\u00c1LT-\u00d3RA.HU\"},\"image\":{\"@id\":\"https:\/\/hasznalt-ora.hu\/#\/schema\/logo\/image\/\"},\"sameAs\":[\"https:\/\/www.facebook.com\/groups\/hasznaltorakpiactere\"]}]}<\/script>\n<!-- \/ Yoast SEO plugin. -->","yoast_head_json":{"title":"Maurice Lacroix - HASZN\u00c1LT-\u00d3RA.HU","description":"Maurice Lacroix \u00f3r\u00e1t keresel vagy eladn\u00e1l? Fedezd fel a sv\u00e1jci elegancia \u00e9s modern diz\u00e1jn t\u00f6k\u00e9letes kombin\u00e1ci\u00f3j\u00e1t, vagy hirdesd meg saj\u00e1t \u00f3r\u00e1dat most!","robots":{"index":"index","follow":"follow","max-snippet":"max-snippet:-1","max-image-preview":"max-image-preview:large","max-video-preview":"max-video-preview:-1"},"canonical":"https:\/\/hasznalt-ora.hu\/en\/hirdetes-kategoria\/maurice-lacroix\/","schema":{"@context":"https:\/\/schema.org","@graph":[{"@type":"CollectionPage","@id":"https:\/\/hasznalt-ora.hu\/hirdetes-kategoria\/maurice-lacroix\/","url":"https:\/\/hasznalt-ora.hu\/hirdetes-kategoria\/maurice-lacroix\/","name":"Maurice Lacroix - HASZN\u00c1LT-\u00d3RA.HU","isPartOf":{"@id":"https:\/\/hasznalt-ora.hu\/#website"},"description":"Maurice Lacroix \u00f3r\u00e1t keresel vagy eladn\u00e1l? Fedezd fel a sv\u00e1jci elegancia \u00e9s modern diz\u00e1jn t\u00f6k\u00e9letes kombin\u00e1ci\u00f3j\u00e1t, vagy hirdesd meg saj\u00e1t \u00f3r\u00e1dat most!","breadcrumb":{"@id":"https:\/\/hasznalt-ora.hu\/hirdetes-kategoria\/maurice-lacroix\/#breadcrumb"},"inLanguage":"en-US"},{"@type":"BreadcrumbList","@id":"https:\/\/hasznalt-ora.hu\/hirdetes-kategoria\/maurice-lacroix\/#breadcrumb","itemListElement":[{"@type":"ListItem","position":1,"name":"Kezd\u0151lap","item":"https:\/\/hasznalt-ora.hu\/"},{"@type":"ListItem","position":2,"name":"Kar\u00f3ra","item":"https:\/\/hasznalt-ora.hu\/hirdetes-kategoria\/karora\/"},{"@type":"ListItem","position":3,"name":"Maurice Lacroix"}]},{"@type":"WebSite","@id":"https:\/\/hasznalt-ora.hu\/#website","url":"https:\/\/hasznalt-ora.hu\/","name":"HASZN\u00c1LT-\u00d3RA.HU","description":"A magyar haszn\u00e1lt \u00f3ra piact\u00e9r","publisher":{"@id":"https:\/\/hasznalt-ora.hu\/#organization"},"potentialAction":[{"@type":"SearchAction","target":{"@type":"EntryPoint","urlTemplate":"https:\/\/hasznalt-ora.hu\/?s={search_term_string}"},"query-input":{"@type":"PropertyValueSpecification","valueRequired":true,"valueName":"search_term_string"}}],"inLanguage":"en-US"},{"@type":"Organization","@id":"https:\/\/hasznalt-ora.hu\/#organization","name":"HASZN\u00c1LT-\u00d3RA.HU","url":"https:\/\/hasznalt-ora.hu\/","logo":{"@type":"ImageObject","inLanguage":"en-US","@id":"https:\/\/hasznalt-ora.hu\/#\/schema\/logo\/image\/","url":"https:\/\/hasznalt-ora.hu\/wp-content\/uploads\/2021\/07\/hasznalt_ora_k_2-scaled.jpg","contentUrl":"https:\/\/hasznalt-ora.hu\/wp-content\/uploads\/2021\/07\/hasznalt_ora_k_2-scaled.jpg","width":2560,"height":1612,"caption":"HASZN\u00c1LT-\u00d3RA.HU"},"image":{"@id":"https:\/\/hasznalt-ora.hu\/#\/schema\/logo\/image\/"},"sameAs":["https:\/\/www.facebook.com\/groups\/hasznaltorakpiactere"]}]}},"_links":{"self":[{"href":"https:\/\/hasznalt-ora.hu\/en\/wp-json\/wp\/v2\/advert-category\/3662","targetHints":{"allow":["GET"]}}],"collection":[{"href":"https:\/\/hasznalt-ora.hu\/en\/wp-json\/wp\/v2\/advert-category"}],"about":[{"href":"https:\/\/hasznalt-ora.hu\/en\/wp-json\/wp\/v2\/taxonomies\/advert-category"}],"up":[{"embeddable":true,"href":"https:\/\/hasznalt-ora.hu\/en\/wp-json\/wp\/v2\/advert-category\/3914"}],"wp:post_type":[{"href":"https:\/\/hasznalt-ora.hu\/en\/wp-json\/wp\/v2\/advert?advert-category=3662"}],"curies":[{"name":"wp","href":"https:\/\/api.w.org\/{rel}","templated":true}]}}