{"id":3545,"count":0,"description":"<h3>Frederique Constant \u00f3r\u00e1t keresel vagy eladn\u00e1l?<\/h3>\r\nN\u00e1lunk hirdethetsz vagy megtal\u00e1lhatod a t\u00f6k\u00e9letes modellt! B\u00f6ng\u00e9ssz hirdet\u00e9seink k\u00f6z\u00f6tt most!\r\n<h1>Frederique Constant<\/h1>\r\nFrederique Constant 1988-ban alakult. Aletta Bax \u00e9s Peter Stas 1992-ben dobta piacra els\u0151 kollekci\u00f3j\u00e1t, amely hat, sv\u00e1jci szerkezetekkel szerelt, genfi \u200b\u200b\u00f3r\u00e1smester \u00e1ltal \u00f6ssze\u00e1ll\u00edtott modellb\u0151l \u00e1ll.\u00a0Frederique Constant r\u00e9szt vesz az \u00f3ragy\u00e1rt\u00e1s minden szakasz\u00e1ban, a kezdeti tervez\u00e9st\u0151l a v\u00e9gs\u0151 \u00f6sszeszerel\u00e9sig.\u00a0A v\u00e9djegye alatt gy\u00e1rtott \u00f3r\u00e1kat vagy Frederique Constant, vagy egy adott modellsorozatra szerz\u0151d\u00f6tt f\u00fcggetlen tervez\u0151k tervezik.\u00a0Nagy hangs\u00falyt fektetnek az \u00f3r\u00e1k tervez\u00e9s\u00e9re, hogy l\u00e9p\u00e9st tartsanak a trendekkel \u00e9s az \u00fcgyfelek preferenci\u00e1ival.\u00a0A Fr\u00e9d\u00e9rique Constant \u00e9lvonalbeli sz\u00e1m\u00edt\u00f3g\u00e9pes szoftvereket, els\u0151sorban sz\u00e1m\u00edt\u00f3g\u00e9ppel seg\u00edtett tervez\u0151szoftvert haszn\u00e1l, hogy seg\u00edtse az \u00f3ra tervez\u00e9si \u00e9s fejleszt\u00e9si folyamat\u00e1t.\r\n<h3>T\u00d6BB HOZZ\u00c1F\u00c9R\u00c9S A LUXUSHOZ<\/h3>\r\nK\u00fcldet\u00e9s\u00fcnk az, hogy a Frederique Constant \u00f3r\u00e1k ir\u00e1nti \u00e9rdekl\u0151d\u00e9st nem az \u00ednyencek korl\u00e1tozott \u00e9s elitista k\u00f6r\u00e9re korl\u00e1tozzuk, hanem az elismer\u0151 rajong\u00f3k sz\u00e9lesebb v\u00e1laszt\u00e9k\u00e1ra, akik j\u00f3 min\u0151s\u00e9g\u0171 klasszikus \u00f3r\u00e1kat szeretn\u00e9nek \u00e9lvezni \u00e9sszer\u0171 \u00e1ron.\u00a0Frederique Constant 1995 \u00f3ta \u00e1ll ki a World Watch, Clock and Jewelry Show-n B\u00e1zelben. A c\u00e9g vir\u00e1gz\u00e1sa sor\u00e1n Aletta Bax \u00e9s Peter Stas \u00fagy d\u00f6nt\u00f6tt, hogy maguk Genfbe k\u00f6lt\u00f6znek, hogy az \u00f3ragy\u00e1rt\u00f3 f\u0151v\u00e1ros sz\u00edv\u00e9ben fejlessz\u00e9k a m\u00e1rk\u00e1t.\r\n<h3>\u201eFREDERIQUE CONSTANT\u201d \u2013 N\u00c9V EREDETE<\/h3>\r\nFrederique: Frederique Schreiner 1881-1969\u00c1lland\u00f3: Constant Stas 1880-1967A Frederique Constant SA jelenlegi \u00fcgyvezet\u0151 igazgat\u00f3ja, Peter Stas 4. gener\u00e1ci\u00f3s lesz\u00e1rmazottja Constant Stas \u00farnak, aki 1904-ben alap\u00edtotta c\u00e9g\u00e9t, \u00e9s nyomtatott \u00f3rat\u00e1rcs\u00e1kat k\u00e9sz\u00edtett. \u00f3raipar.\r\n<h3>\u00d6R\u00d6KS\u00c9G<\/h3>\r\nGenf m\u00e1r a 18. sz\u00e1zad elej\u00e9n ismertt\u00e9 v\u00e1lt a finom id\u0151m\u00e9r\u0151k l\u00e9trehoz\u00e1s\u00e1nak \u00e9s gy\u00e1rt\u00e1s\u00e1nak epicentrumak\u00e9nt.\u00a0Az\u00f3ta a genfi \u200b\u200b\u00f3ragy\u00e1rt\u00f3k p\u00e1ratlan magass\u00e1gokba emelkedtek az \u00f3ratudom\u00e1ny m\u0171v\u00e9szet\u00e9ben.\u00a0Az id\u0151m\u00e9r\u0151k els\u0151 haszn\u00e1l\u00f3i csillag\u00e1szok voltak, akik a legjelent\u0151sebb tal\u00e1lm\u00e1nyok\u00e9rt voltak felel\u0151sek: az inga\u00f3r\u00e1\u00e9rt \u00e9s az \u00f3rakiegyenl\u00edt\u0151 rug\u00f3\u00e9rt.\r\n<h3><\/h3>\r\n<h3>GY\u00c1RT\u00c1S<\/h3>\r\nAz \u00faj Frederique Constant gy\u00e1rt\u00e1s 3200 n\u00e9gyzetm\u00e9teres, n\u00e9gy emeletre osztva vonz\u00f3 munkak\u00f6rnyezetet k\u00edn\u00e1l a mozgat\u00f3elemek gy\u00e1rt\u00e1sa, a kaliber \u00f6sszeszerel\u00e9s, az \u00f3ra \u00f6sszeszerel\u00e9s \u00e9s a kiterjedt min\u0151s\u00e9gellen\u0151rz\u00e9s szektor\u00e1ban.\u00a0A leg\u00fajabb gener\u00e1ci\u00f3s, numerikus vez\u00e9rl\u00e9s\u0171 g\u00e9pek az alagsorban egy nagy m\u0171teremben helyezkednek el, ahol minden alkatr\u00e9szgy\u00e1rt\u00e1s \u00f6sszpontosul.\u00a0A kaliber, az \u00f3ra \u00f6sszeszerel\u00e9s \u00e9s a legmodernebb min\u0151s\u00e9gellen\u0151rz\u00e9s els\u0151sorban az \u00faj Frederique Constant \u00e9p\u00fclet els\u0151 emelet\u00e9n tal\u00e1lhat\u00f3.\u00a0Az \u00e9p\u00fclet egyben a m\u00e1rka nemzetk\u00f6zi k\u00f6zpontja is.\r\n\r\nForr\u00e1s:<a href=\"https:\/\/us.frederiqueconstant.com\/pages\/about-the-brand\">ITT<\/a>\r\n\r\n#kar\u00f3ra #frederiqueconstant #","link":"https:\/\/hasznalt-ora.hu\/en\/hirdetes-kategoria\/frederique-constant\/","name":"Frederique Constant","slug":"frederique-constant","taxonomy":"advert-category","parent":3914,"meta":[],"yoast_head":"<!-- This site is optimized with the Yoast SEO plugin v26.3 - https:\/\/yoast.com\/wordpress\/plugins\/seo\/ -->\n<title>Frederique Constant - HASZN\u00c1LT-\u00d3RA.HU<\/title>\n<meta name=\"description\" content=\"Frederique Constant \u00f3r\u00e1t keresel vagy eladn\u00e1l? N\u00e1lunk hirdethetsz vagy megtal\u00e1lhatod a t\u00f6k\u00e9letes modellt! B\u00f6ng\u00e9ssz hirdet\u00e9seink k\u00f6z\u00f6tt most!\" \/>\n<meta name=\"robots\" content=\"index, follow, max-snippet:-1, max-image-preview:large, max-video-preview:-1\" \/>\n<link rel=\"canonical\" href=\"https:\/\/hasznalt-ora.hu\/en\/hirdetes-kategoria\/frederique-constant\/\" \/>\n<script type=\"application\/ld+json\" class=\"yoast-schema-graph\">{\"@context\":\"https:\/\/schema.org\",\"@graph\":[{\"@type\":\"CollectionPage\",\"@id\":\"https:\/\/hasznalt-ora.hu\/hirdetes-kategoria\/frederique-constant\/\",\"url\":\"https:\/\/hasznalt-ora.hu\/hirdetes-kategoria\/frederique-constant\/\",\"name\":\"Frederique Constant - HASZN\u00c1LT-\u00d3RA.HU\",\"isPartOf\":{\"@id\":\"https:\/\/hasznalt-ora.hu\/#website\"},\"description\":\"Frederique Constant \u00f3r\u00e1t keresel vagy eladn\u00e1l? N\u00e1lunk hirdethetsz vagy megtal\u00e1lhatod a t\u00f6k\u00e9letes modellt! B\u00f6ng\u00e9ssz hirdet\u00e9seink k\u00f6z\u00f6tt most!\",\"breadcrumb\":{\"@id\":\"https:\/\/hasznalt-ora.hu\/hirdetes-kategoria\/frederique-constant\/#breadcrumb\"},\"inLanguage\":\"en-US\"},{\"@type\":\"BreadcrumbList\",\"@id\":\"https:\/\/hasznalt-ora.hu\/hirdetes-kategoria\/frederique-constant\/#breadcrumb\",\"itemListElement\":[{\"@type\":\"ListItem\",\"position\":1,\"name\":\"Kezd\u0151lap\",\"item\":\"https:\/\/hasznalt-ora.hu\/\"},{\"@type\":\"ListItem\",\"position\":2,\"name\":\"Kar\u00f3ra\",\"item\":\"https:\/\/hasznalt-ora.hu\/hirdetes-kategoria\/karora\/\"},{\"@type\":\"ListItem\",\"position\":3,\"name\":\"Frederique Constant\"}]},{\"@type\":\"WebSite\",\"@id\":\"https:\/\/hasznalt-ora.hu\/#website\",\"url\":\"https:\/\/hasznalt-ora.hu\/\",\"name\":\"HASZN\u00c1LT-\u00d3RA.HU\",\"description\":\"A magyar haszn\u00e1lt \u00f3ra piact\u00e9r\",\"publisher\":{\"@id\":\"https:\/\/hasznalt-ora.hu\/#organization\"},\"potentialAction\":[{\"@type\":\"SearchAction\",\"target\":{\"@type\":\"EntryPoint\",\"urlTemplate\":\"https:\/\/hasznalt-ora.hu\/?s={search_term_string}\"},\"query-input\":{\"@type\":\"PropertyValueSpecification\",\"valueRequired\":true,\"valueName\":\"search_term_string\"}}],\"inLanguage\":\"en-US\"},{\"@type\":\"Organization\",\"@id\":\"https:\/\/hasznalt-ora.hu\/#organization\",\"name\":\"HASZN\u00c1LT-\u00d3RA.HU\",\"url\":\"https:\/\/hasznalt-ora.hu\/\",\"logo\":{\"@type\":\"ImageObject\",\"inLanguage\":\"en-US\",\"@id\":\"https:\/\/hasznalt-ora.hu\/#\/schema\/logo\/image\/\",\"url\":\"https:\/\/hasznalt-ora.hu\/wp-content\/uploads\/2021\/07\/hasznalt_ora_k_2-scaled.jpg\",\"contentUrl\":\"https:\/\/hasznalt-ora.hu\/wp-content\/uploads\/2021\/07\/hasznalt_ora_k_2-scaled.jpg\",\"width\":2560,\"height\":1612,\"caption\":\"HASZN\u00c1LT-\u00d3RA.HU\"},\"image\":{\"@id\":\"https:\/\/hasznalt-ora.hu\/#\/schema\/logo\/image\/\"},\"sameAs\":[\"https:\/\/www.facebook.com\/groups\/hasznaltorakpiactere\"]}]}<\/script>\n<!-- \/ Yoast SEO plugin. -->","yoast_head_json":{"title":"Frederique Constant - HASZN\u00c1LT-\u00d3RA.HU","description":"Frederique Constant \u00f3r\u00e1t keresel vagy eladn\u00e1l? N\u00e1lunk hirdethetsz vagy megtal\u00e1lhatod a t\u00f6k\u00e9letes modellt! B\u00f6ng\u00e9ssz hirdet\u00e9seink k\u00f6z\u00f6tt most!","robots":{"index":"index","follow":"follow","max-snippet":"max-snippet:-1","max-image-preview":"max-image-preview:large","max-video-preview":"max-video-preview:-1"},"canonical":"https:\/\/hasznalt-ora.hu\/en\/hirdetes-kategoria\/frederique-constant\/","schema":{"@context":"https:\/\/schema.org","@graph":[{"@type":"CollectionPage","@id":"https:\/\/hasznalt-ora.hu\/hirdetes-kategoria\/frederique-constant\/","url":"https:\/\/hasznalt-ora.hu\/hirdetes-kategoria\/frederique-constant\/","name":"Frederique Constant - HASZN\u00c1LT-\u00d3RA.HU","isPartOf":{"@id":"https:\/\/hasznalt-ora.hu\/#website"},"description":"Frederique Constant \u00f3r\u00e1t keresel vagy eladn\u00e1l? N\u00e1lunk hirdethetsz vagy megtal\u00e1lhatod a t\u00f6k\u00e9letes modellt! B\u00f6ng\u00e9ssz hirdet\u00e9seink k\u00f6z\u00f6tt most!","breadcrumb":{"@id":"https:\/\/hasznalt-ora.hu\/hirdetes-kategoria\/frederique-constant\/#breadcrumb"},"inLanguage":"en-US"},{"@type":"BreadcrumbList","@id":"https:\/\/hasznalt-ora.hu\/hirdetes-kategoria\/frederique-constant\/#breadcrumb","itemListElement":[{"@type":"ListItem","position":1,"name":"Kezd\u0151lap","item":"https:\/\/hasznalt-ora.hu\/"},{"@type":"ListItem","position":2,"name":"Kar\u00f3ra","item":"https:\/\/hasznalt-ora.hu\/hirdetes-kategoria\/karora\/"},{"@type":"ListItem","position":3,"name":"Frederique Constant"}]},{"@type":"WebSite","@id":"https:\/\/hasznalt-ora.hu\/#website","url":"https:\/\/hasznalt-ora.hu\/","name":"HASZN\u00c1LT-\u00d3RA.HU","description":"A magyar haszn\u00e1lt \u00f3ra piact\u00e9r","publisher":{"@id":"https:\/\/hasznalt-ora.hu\/#organization"},"potentialAction":[{"@type":"SearchAction","target":{"@type":"EntryPoint","urlTemplate":"https:\/\/hasznalt-ora.hu\/?s={search_term_string}"},"query-input":{"@type":"PropertyValueSpecification","valueRequired":true,"valueName":"search_term_string"}}],"inLanguage":"en-US"},{"@type":"Organization","@id":"https:\/\/hasznalt-ora.hu\/#organization","name":"HASZN\u00c1LT-\u00d3RA.HU","url":"https:\/\/hasznalt-ora.hu\/","logo":{"@type":"ImageObject","inLanguage":"en-US","@id":"https:\/\/hasznalt-ora.hu\/#\/schema\/logo\/image\/","url":"https:\/\/hasznalt-ora.hu\/wp-content\/uploads\/2021\/07\/hasznalt_ora_k_2-scaled.jpg","contentUrl":"https:\/\/hasznalt-ora.hu\/wp-content\/uploads\/2021\/07\/hasznalt_ora_k_2-scaled.jpg","width":2560,"height":1612,"caption":"HASZN\u00c1LT-\u00d3RA.HU"},"image":{"@id":"https:\/\/hasznalt-ora.hu\/#\/schema\/logo\/image\/"},"sameAs":["https:\/\/www.facebook.com\/groups\/hasznaltorakpiactere"]}]}},"_links":{"self":[{"href":"https:\/\/hasznalt-ora.hu\/en\/wp-json\/wp\/v2\/advert-category\/3545","targetHints":{"allow":["GET"]}}],"collection":[{"href":"https:\/\/hasznalt-ora.hu\/en\/wp-json\/wp\/v2\/advert-category"}],"about":[{"href":"https:\/\/hasznalt-ora.hu\/en\/wp-json\/wp\/v2\/taxonomies\/advert-category"}],"up":[{"embeddable":true,"href":"https:\/\/hasznalt-ora.hu\/en\/wp-json\/wp\/v2\/advert-category\/3914"}],"wp:post_type":[{"href":"https:\/\/hasznalt-ora.hu\/en\/wp-json\/wp\/v2\/advert?advert-category=3545"}],"curies":[{"name":"wp","href":"https:\/\/api.w.org\/{rel}","templated":true}]}}